{"id":435,"date":"2007-03-02T00:36:02","date_gmt":"2007-03-01T23:36:02","guid":{"rendered":"http:\/\/www.1erdegre.ch\/blog\/archives\/435"},"modified":"2025-01-03T12:35:14","modified_gmt":"2025-01-03T11:35:14","slug":"face-a-lhistoire-les-crises","status":"publish","type":"post","link":"https:\/\/www.1erdegre.ch\/blog\/2007\/03\/02\/face-a-lhistoire-les-crises\/","title":{"rendered":"Face \u00e0 l&rsquo;Histoire: Les crises"},"content":{"rendered":"\n<p class=\"wp-block-paragraph\">Avec plusieurs millions de morts \u00e0 chaque fois, on peut consid\u00e9rer la premi\u00e8re (14-18) et la seconde guerre mondiale (39-45) comme des crises majeures.<br> Le d\u00e9tail troublant dans cette histoire, c&rsquo;est que les dates des deux guerres co\u00efncident avec les grandes crises de la vie: L&rsquo;adolescence (de 14 \u00e0 18 ans) et la quarantaine (de 39 \u00e0 45 ans)!<br> <img decoding=\"async\" src=\"http:\/\/www.1erdegre.ch\/blog\/wp-content\/uploads\/guerres1.jpg\" alt=\"guerres1.jpg\"><\/p>\n","protected":false},"excerpt":{"rendered":"<p>Avec plusieurs millions de morts \u00e0 chaque fois, on peut consid\u00e9rer la premi\u00e8re (14-18) et la seconde guerre mondiale (39-45) comme des crises majeures. Le d\u00e9tail troublant dans cette histoire, c&rsquo;est que les dates des deux guerres co\u00efncident avec les grandes crises de la vie: L&rsquo;adolescence (de 14 \u00e0 18 ans) et la quarantaine (de [&hellip;]<\/p>\n","protected":false},"author":2,"featured_media":0,"comment_status":"closed","ping_status":"closed","sticky":false,"template":"","format":"standard","meta":{"footnotes":""},"categories":[13],"tags":[],"class_list":["post-435","post","type-post","status-publish","format-standard","hentry","category-face-a-lhistoire"],"_links":{"self":[{"href":"https:\/\/www.1erdegre.ch\/blog\/wp-json\/wp\/v2\/posts\/435","targetHints":{"allow":["GET"]}}],"collection":[{"href":"https:\/\/www.1erdegre.ch\/blog\/wp-json\/wp\/v2\/posts"}],"about":[{"href":"https:\/\/www.1erdegre.ch\/blog\/wp-json\/wp\/v2\/types\/post"}],"author":[{"embeddable":true,"href":"https:\/\/www.1erdegre.ch\/blog\/wp-json\/wp\/v2\/users\/2"}],"replies":[{"embeddable":true,"href":"https:\/\/www.1erdegre.ch\/blog\/wp-json\/wp\/v2\/comments?post=435"}],"version-history":[{"count":2,"href":"https:\/\/www.1erdegre.ch\/blog\/wp-json\/wp\/v2\/posts\/435\/revisions"}],"predecessor-version":[{"id":6560,"href":"https:\/\/www.1erdegre.ch\/blog\/wp-json\/wp\/v2\/posts\/435\/revisions\/6560"}],"wp:attachment":[{"href":"https:\/\/www.1erdegre.ch\/blog\/wp-json\/wp\/v2\/media?parent=435"}],"wp:term":[{"taxonomy":"category","embeddable":true,"href":"https:\/\/www.1erdegre.ch\/blog\/wp-json\/wp\/v2\/categories?post=435"},{"taxonomy":"post_tag","embeddable":true,"href":"https:\/\/www.1erdegre.ch\/blog\/wp-json\/wp\/v2\/tags?post=435"}],"curies":[{"name":"wp","href":"https:\/\/api.w.org\/{rel}","templated":true}]}}