{"id":2707,"date":"2010-03-24T18:43:50","date_gmt":"2010-03-24T17:43:50","guid":{"rendered":"http:\/\/www.1erdegre.ch\/blog\/?p=2707"},"modified":"2025-01-03T12:51:43","modified_gmt":"2025-01-03T11:51:43","slug":"une-expo-jazz","status":"publish","type":"post","link":"https:\/\/www.1erdegre.ch\/blog\/2010\/03\/24\/une-expo-jazz\/","title":{"rendered":"Une expo jazz"},"content":{"rendered":"\n<figure class=\"wp-block-image\"><a href=\"http:\/\/www.1erdegre.ch\/blog\/wp-content\/uploads\/trompette.jpg\"><img loading=\"lazy\" decoding=\"async\" width=\"298\" height=\"420\" src=\"http:\/\/www.1erdegre.ch\/blog\/wp-content\/uploads\/trompette.jpg\" alt=\"\" class=\"wp-image-2708\" title=\"trompette\" srcset=\"https:\/\/www.1erdegre.ch\/blog\/wp-content\/uploads\/trompette.jpg 298w, https:\/\/www.1erdegre.ch\/blog\/wp-content\/uploads\/trompette-212x300.jpg 212w\" sizes=\"auto, (max-width: 298px) 100vw, 298px\" \/><\/a><\/figure>\n\n\n\n<p class=\"wp-block-paragraph\"><\/p>\n\n\n\n<p class=\"wp-block-paragraph\">A l&rsquo;occasion du 28e Cully Jazz Festival la <a href=\"http:\/\/www.davel14.ch\">galerie Davel 14<\/a>, le magazine <a href=\"http:\/\/www.vibrations.ch\">Vibrations<\/a> et le <a href=\"http:\/\/www.cullyjazz.ch\">Cully Jazz Festival<\/a> pr\u00e9sentent:<br> <strong>Mix &amp; Remix \u00ab\u00a0JAZZ\u00a0\u00bb<\/strong><br> du 9 au 17 avril 2010, tous les jours de 15h \u00e0 23h.<br> Vernissage le 9 avril d\u00e8s 18h30.<\/p>\n\n\n\n<p class=\"wp-block-paragraph\">davel 14, Carmilla Schmidt, 1096 Cully. T\u00e9l+fax +41 21 799 33 37<\/p>\n","protected":false},"excerpt":{"rendered":"<p>A l&rsquo;occasion du 28e Cully Jazz Festival la galerie Davel 14, le magazine Vibrations et le Cully Jazz Festival pr\u00e9sentent: Mix &amp; Remix \u00ab\u00a0JAZZ\u00a0\u00bb du 9 au 17 avril 2010, tous les jours de 15h \u00e0 23h. Vernissage le 9 avril d\u00e8s 18h30. davel 14, Carmilla Schmidt, 1096 Cully. T\u00e9l+fax +41 21 799 33 37<\/p>\n","protected":false},"author":2,"featured_media":0,"comment_status":"closed","ping_status":"closed","sticky":false,"template":"","format":"standard","meta":{"footnotes":""},"categories":[5],"tags":[],"class_list":["post-2707","post","type-post","status-publish","format-standard","hentry","category-la-vie-au-1er-degre"],"_links":{"self":[{"href":"https:\/\/www.1erdegre.ch\/blog\/wp-json\/wp\/v2\/posts\/2707","targetHints":{"allow":["GET"]}}],"collection":[{"href":"https:\/\/www.1erdegre.ch\/blog\/wp-json\/wp\/v2\/posts"}],"about":[{"href":"https:\/\/www.1erdegre.ch\/blog\/wp-json\/wp\/v2\/types\/post"}],"author":[{"embeddable":true,"href":"https:\/\/www.1erdegre.ch\/blog\/wp-json\/wp\/v2\/users\/2"}],"replies":[{"embeddable":true,"href":"https:\/\/www.1erdegre.ch\/blog\/wp-json\/wp\/v2\/comments?post=2707"}],"version-history":[{"count":8,"href":"https:\/\/www.1erdegre.ch\/blog\/wp-json\/wp\/v2\/posts\/2707\/revisions"}],"predecessor-version":[{"id":6590,"href":"https:\/\/www.1erdegre.ch\/blog\/wp-json\/wp\/v2\/posts\/2707\/revisions\/6590"}],"wp:attachment":[{"href":"https:\/\/www.1erdegre.ch\/blog\/wp-json\/wp\/v2\/media?parent=2707"}],"wp:term":[{"taxonomy":"category","embeddable":true,"href":"https:\/\/www.1erdegre.ch\/blog\/wp-json\/wp\/v2\/categories?post=2707"},{"taxonomy":"post_tag","embeddable":true,"href":"https:\/\/www.1erdegre.ch\/blog\/wp-json\/wp\/v2\/tags?post=2707"}],"curies":[{"name":"wp","href":"https:\/\/api.w.org\/{rel}","templated":true}]}}